{"id":6480,"date":"2022-12-15T13:44:53","date_gmt":"2022-12-15T16:44:53","guid":{"rendered":"https:\/\/www.stargardt.com.ar\/?p=6480"},"modified":"2024-09-30T14:34:18","modified_gmt":"2024-09-30T17:34:18","slug":"retina-argentina-presente-en-el-segundo-congreso-retina-iberoamerica-unida","status":"publish","type":"post","link":"https:\/\/www.stargardt.com.ar\/?p=6480","title":{"rendered":"Retina Argentina, presente en el segundo Congreso Retina Iberoam\u00e9rica Unida"},"content":{"rendered":"\n<p>Entre el 9 y el 12 de diciembre se realiz\u00f3 en Santiago de Chile el Segundo Congreso Retina Iberoam\u00e9rica Unida, con participaci\u00f3n de asociaciones de Argentina, Chile, M\u00e9xico, Colombia, Brasil, Uruguay, Guatemala, Panam\u00e1, Bolivia, Per\u00fa, Paraguay, Rep\u00fablica Dominicana, Costa Rica y Nicaragua, dedicadas a la lucha contra las enfermedades de la retina que causan ceguera y baja visi\u00f3n, y por los derechos y la calidad de vida de las personas con discapacidad visual.<\/p>\n\n\n\n<p>Fue el segundo gran encuentro de Retina Iberoam\u00e9rica, del que Retina Argentina particip\u00f3 como miembro fundador, a trav\u00e9s de la presencia de la presidenta de la asociaci\u00f3n argentina, la bi\u00f3loga genetista Marcela Ciccioli, y de Mar\u00eda Victoria Bellotti, especialista en derechos de las personas con discapacidad.<\/p>\n\n\n\n<p>Adem\u00e1s de las reuniones de trabajo, que abarcaron todos los temas de inter\u00e9s de nuestra comunidad \u2013derechos y calidad de vida de los pacientes, terapias en desarrollo, diagn\u00f3stico gen\u00e9tico, y c\u00f3mo evolucionan las personas que fueron tratadas hasta el presente con terapias de avanzada\u2013 y se mantuvieron a lo largo de los cuatro d\u00edas que dur\u00f3 el encuentro, el lunes 12 tuvo lugar un encuentro abierto en forma virtual, que cont\u00f3 con varios cientos de participantes de todo el mundo. Pod\u00e9s presenciar completo el desarrollo del encuentro al final de esta nota, o en el canal de YouTube de Retina Iberoam\u00e9rica.<\/p>\n\n\n\n<p>\u201cCada una de las personas que estamos aqu\u00ed tenemos que pensar en cu\u00e1l es nuestro proyecto de vida, sin limitarlo pensando en que hay cosas a las que no vamos a poder acceder, sino, por el contrario, visibilizar desde all\u00ed cu\u00e1les son las barreras y los obst\u00e1culos que la sociedad y el Estado construyen para que no sea posible empoderarnos, y conocer nuestros derechos para poder exigirlos\u201d, sostuvo Mar\u00eda Victoria Bellotti (pod\u00e9s escucharla hacia las $:20:00 del video de la jornada).<\/p>\n\n\n\n<p>M\u00e1s adelante, hacia las 7:30:00 del video, la Lic. Ciccioli participa del panel de especialistas sobre diagn\u00f3stico de las enfermedades degenerativas hereditarias de la retina: \u201cEl diagn\u00f3stico de las enfermedades degenerativas de la retina es un rompecabezas, y nosotros como asociaciones de pacientes tenemos que pelear para que los centros que realizan los estudios cl\u00ednicos tengan todo el aparataje necesario, y que ese aparataje est\u00e9 disponible dentro del sistema de salud general o a trav\u00e9s de las aseguradoras de salud\u201d.<\/p>\n\n\n\n<p>&nbsp;Fue un encuentro de alto nivel que pord\u00e9s ver completo ac\u00e1:<\/p>\n\n\n\n<p><a href=\"https:\/\/www.youtube.com\/watch?v=X1FH2qzv7eE\">https:\/\/www.youtube.com\/watch?v=X1FH2qzv7eE<\/a><\/p>\n","protected":false},"excerpt":{"rendered":"<p>Entre el 9 y el 12 de diciembre se realiz\u00f3 en Santiago de Chile el Segundo Congreso Retina Iberoam\u00e9rica Unida, con participaci\u00f3n de asociaciones de Argentina, Chile, M\u00e9xico, Colombia, Brasil, Uruguay, Guatemala, Panam\u00e1, Bolivia, Per\u00fa, Paraguay, Rep\u00fablica Dominicana, Costa Rica&#8230;<\/p>\n","protected":false},"author":3,"featured_media":6486,"comment_status":"closed","ping_status":"open","sticky":false,"template":"","format":"standard","meta":{"_joinchat":[],"footnotes":""},"categories":[13,11,12,10],"tags":[],"class_list":["post-6480","post","type-post","status-publish","format-standard","has-post-thumbnail","hentry","category-avances","category-baja-vision","category-discapacidad","category-novedades"],"yoast_head":"<!-- This site is optimized with the Yoast SEO plugin v26.5 - https:\/\/yoast.com\/wordpress\/plugins\/seo\/ -->\n<title>Retina Argentina, presente en el segundo Congreso Retina Iberoam\u00e9rica Unida | RETINA ARGENTINA<\/title>\n<meta name=\"robots\" content=\"index, follow, max-snippet:-1, max-image-preview:large, max-video-preview:-1\" \/>\n<link rel=\"canonical\" href=\"http:\/\/www.stargardt.com.ar\/?p=6480\" \/>\n<meta property=\"og:locale\" content=\"es_ES\" \/>\n<meta property=\"og:type\" content=\"article\" \/>\n<meta property=\"og:title\" content=\"Retina Argentina, presente en el segundo Congreso Retina Iberoam\u00e9rica Unida | RETINA ARGENTINA\" \/>\n<meta property=\"og:description\" content=\"Entre el 9 y el 12 de diciembre se realiz\u00f3 en Santiago de Chile el Segundo Congreso Retina Iberoam\u00e9rica Unida, con participaci\u00f3n de asociaciones de Argentina, Chile, M\u00e9xico, Colombia, Brasil, Uruguay, Guatemala, Panam\u00e1, Bolivia, Per\u00fa, Paraguay, Rep\u00fablica Dominicana, Costa Rica...\" \/>\n<meta property=\"og:url\" content=\"http:\/\/www.stargardt.com.ar\/?p=6480\" \/>\n<meta property=\"og:site_name\" content=\"RETINA ARGENTINA\" \/>\n<meta property=\"article:publisher\" content=\"https:\/\/www.facebook.com\/stargardt.apnes\" \/>\n<meta property=\"article:published_time\" content=\"2022-12-15T16:44:53+00:00\" \/>\n<meta property=\"article:modified_time\" content=\"2024-09-30T17:34:18+00:00\" \/>\n<meta property=\"og:image\" content=\"http:\/\/www.stargardt.com.ar\/wp-content\/uploads\/2022\/12\/gene-therapy.jpg\" \/>\n\t<meta property=\"og:image:width\" content=\"742\" \/>\n\t<meta property=\"og:image:height\" content=\"590\" \/>\n\t<meta property=\"og:image:type\" content=\"image\/jpeg\" \/>\n<meta name=\"author\" content=\"Retina Argentina\" \/>\n<meta name=\"twitter:card\" content=\"summary_large_image\" \/>\n<meta name=\"twitter:label1\" content=\"Escrito por\" \/>\n\t<meta name=\"twitter:data1\" content=\"Retina Argentina\" \/>\n\t<meta name=\"twitter:label2\" content=\"Tiempo de lectura\" \/>\n\t<meta name=\"twitter:data2\" content=\"3 minutos\" \/>\n<script type=\"application\/ld+json\" class=\"yoast-schema-graph\">{\"@context\":\"https:\/\/schema.org\",\"@graph\":[{\"@type\":\"WebPage\",\"@id\":\"http:\/\/www.stargardt.com.ar\/?p=6480\",\"url\":\"http:\/\/www.stargardt.com.ar\/?p=6480\",\"name\":\"Retina Argentina, presente en el segundo Congreso Retina Iberoam\u00e9rica Unida | RETINA ARGENTINA\",\"isPartOf\":{\"@id\":\"https:\/\/www.stargardt.com.ar\/#website\"},\"primaryImageOfPage\":{\"@id\":\"http:\/\/www.stargardt.com.ar\/?p=6480#primaryimage\"},\"image\":{\"@id\":\"http:\/\/www.stargardt.com.ar\/?p=6480#primaryimage\"},\"thumbnailUrl\":\"https:\/\/www.stargardt.com.ar\/wp-content\/uploads\/2022\/12\/gene-therapy.jpg\",\"datePublished\":\"2022-12-15T16:44:53+00:00\",\"dateModified\":\"2024-09-30T17:34:18+00:00\",\"author\":{\"@id\":\"https:\/\/www.stargardt.com.ar\/#\/schema\/person\/ef9e16a5737845379e18caa038664762\"},\"breadcrumb\":{\"@id\":\"http:\/\/www.stargardt.com.ar\/?p=6480#breadcrumb\"},\"inLanguage\":\"es-AR\",\"potentialAction\":[{\"@type\":\"ReadAction\",\"target\":[\"http:\/\/www.stargardt.com.ar\/?p=6480\"]}]},{\"@type\":\"ImageObject\",\"inLanguage\":\"es-AR\",\"@id\":\"http:\/\/www.stargardt.com.ar\/?p=6480#primaryimage\",\"url\":\"https:\/\/www.stargardt.com.ar\/wp-content\/uploads\/2022\/12\/gene-therapy.jpg\",\"contentUrl\":\"https:\/\/www.stargardt.com.ar\/wp-content\/uploads\/2022\/12\/gene-therapy.jpg\",\"width\":742,\"height\":590},{\"@type\":\"BreadcrumbList\",\"@id\":\"http:\/\/www.stargardt.com.ar\/?p=6480#breadcrumb\",\"itemListElement\":[{\"@type\":\"ListItem\",\"position\":1,\"name\":\"Home\",\"item\":\"https:\/\/www.stargardt.com.ar\/\"},{\"@type\":\"ListItem\",\"position\":2,\"name\":\"Retina Argentina, presente en el segundo Congreso Retina Iberoam\u00e9rica Unida\"}]},{\"@type\":\"WebSite\",\"@id\":\"https:\/\/www.stargardt.com.ar\/#website\",\"url\":\"https:\/\/www.stargardt.com.ar\/\",\"name\":\"Stargardt Apnes | Argentina\",\"description\":\"Asociaci\u00f3n de pacientes y padres de ni\u00f1os con enfermedad de Stargardt de Argentina\",\"alternateName\":\"Stargardt Apnes\",\"potentialAction\":[{\"@type\":\"SearchAction\",\"target\":{\"@type\":\"EntryPoint\",\"urlTemplate\":\"https:\/\/www.stargardt.com.ar\/?s={search_term_string}\"},\"query-input\":{\"@type\":\"PropertyValueSpecification\",\"valueRequired\":true,\"valueName\":\"search_term_string\"}}],\"inLanguage\":\"es-AR\"},{\"@type\":\"Person\",\"@id\":\"https:\/\/www.stargardt.com.ar\/#\/schema\/person\/ef9e16a5737845379e18caa038664762\",\"name\":\"Retina Argentina\",\"image\":{\"@type\":\"ImageObject\",\"inLanguage\":\"es-AR\",\"@id\":\"https:\/\/www.stargardt.com.ar\/#\/schema\/person\/image\/\",\"url\":\"https:\/\/secure.gravatar.com\/avatar\/a35297e215fa01f4ebfcc931234d4efcd7210e70b4d811d411a622174623e6ad?s=96&d=mm&r=g\",\"contentUrl\":\"https:\/\/secure.gravatar.com\/avatar\/a35297e215fa01f4ebfcc931234d4efcd7210e70b4d811d411a622174623e6ad?s=96&d=mm&r=g\",\"caption\":\"Retina Argentina\"},\"sameAs\":[\"http:\/\/www.stargardt.com.ar\"],\"url\":\"https:\/\/www.stargardt.com.ar\/?author=3\"}]}<\/script>\n<!-- \/ Yoast SEO plugin. -->","yoast_head_json":{"title":"Retina Argentina, presente en el segundo Congreso Retina Iberoam\u00e9rica Unida | RETINA ARGENTINA","robots":{"index":"index","follow":"follow","max-snippet":"max-snippet:-1","max-image-preview":"max-image-preview:large","max-video-preview":"max-video-preview:-1"},"canonical":"http:\/\/www.stargardt.com.ar\/?p=6480","og_locale":"es_ES","og_type":"article","og_title":"Retina Argentina, presente en el segundo Congreso Retina Iberoam\u00e9rica Unida | RETINA ARGENTINA","og_description":"Entre el 9 y el 12 de diciembre se realiz\u00f3 en Santiago de Chile el Segundo Congreso Retina Iberoam\u00e9rica Unida, con participaci\u00f3n de asociaciones de Argentina, Chile, M\u00e9xico, Colombia, Brasil, Uruguay, Guatemala, Panam\u00e1, Bolivia, Per\u00fa, Paraguay, Rep\u00fablica Dominicana, Costa Rica...","og_url":"http:\/\/www.stargardt.com.ar\/?p=6480","og_site_name":"RETINA ARGENTINA","article_publisher":"https:\/\/www.facebook.com\/stargardt.apnes","article_published_time":"2022-12-15T16:44:53+00:00","article_modified_time":"2024-09-30T17:34:18+00:00","og_image":[{"width":742,"height":590,"url":"http:\/\/www.stargardt.com.ar\/wp-content\/uploads\/2022\/12\/gene-therapy.jpg","type":"image\/jpeg"}],"author":"Retina Argentina","twitter_card":"summary_large_image","twitter_misc":{"Escrito por":"Retina Argentina","Tiempo de lectura":"3 minutos"},"schema":{"@context":"https:\/\/schema.org","@graph":[{"@type":"WebPage","@id":"http:\/\/www.stargardt.com.ar\/?p=6480","url":"http:\/\/www.stargardt.com.ar\/?p=6480","name":"Retina Argentina, presente en el segundo Congreso Retina Iberoam\u00e9rica Unida | RETINA ARGENTINA","isPartOf":{"@id":"https:\/\/www.stargardt.com.ar\/#website"},"primaryImageOfPage":{"@id":"http:\/\/www.stargardt.com.ar\/?p=6480#primaryimage"},"image":{"@id":"http:\/\/www.stargardt.com.ar\/?p=6480#primaryimage"},"thumbnailUrl":"https:\/\/www.stargardt.com.ar\/wp-content\/uploads\/2022\/12\/gene-therapy.jpg","datePublished":"2022-12-15T16:44:53+00:00","dateModified":"2024-09-30T17:34:18+00:00","author":{"@id":"https:\/\/www.stargardt.com.ar\/#\/schema\/person\/ef9e16a5737845379e18caa038664762"},"breadcrumb":{"@id":"http:\/\/www.stargardt.com.ar\/?p=6480#breadcrumb"},"inLanguage":"es-AR","potentialAction":[{"@type":"ReadAction","target":["http:\/\/www.stargardt.com.ar\/?p=6480"]}]},{"@type":"ImageObject","inLanguage":"es-AR","@id":"http:\/\/www.stargardt.com.ar\/?p=6480#primaryimage","url":"https:\/\/www.stargardt.com.ar\/wp-content\/uploads\/2022\/12\/gene-therapy.jpg","contentUrl":"https:\/\/www.stargardt.com.ar\/wp-content\/uploads\/2022\/12\/gene-therapy.jpg","width":742,"height":590},{"@type":"BreadcrumbList","@id":"http:\/\/www.stargardt.com.ar\/?p=6480#breadcrumb","itemListElement":[{"@type":"ListItem","position":1,"name":"Home","item":"https:\/\/www.stargardt.com.ar\/"},{"@type":"ListItem","position":2,"name":"Retina Argentina, presente en el segundo Congreso Retina Iberoam\u00e9rica Unida"}]},{"@type":"WebSite","@id":"https:\/\/www.stargardt.com.ar\/#website","url":"https:\/\/www.stargardt.com.ar\/","name":"Stargardt Apnes | Argentina","description":"Asociaci\u00f3n de pacientes y padres de ni\u00f1os con enfermedad de Stargardt de Argentina","alternateName":"Stargardt Apnes","potentialAction":[{"@type":"SearchAction","target":{"@type":"EntryPoint","urlTemplate":"https:\/\/www.stargardt.com.ar\/?s={search_term_string}"},"query-input":{"@type":"PropertyValueSpecification","valueRequired":true,"valueName":"search_term_string"}}],"inLanguage":"es-AR"},{"@type":"Person","@id":"https:\/\/www.stargardt.com.ar\/#\/schema\/person\/ef9e16a5737845379e18caa038664762","name":"Retina Argentina","image":{"@type":"ImageObject","inLanguage":"es-AR","@id":"https:\/\/www.stargardt.com.ar\/#\/schema\/person\/image\/","url":"https:\/\/secure.gravatar.com\/avatar\/a35297e215fa01f4ebfcc931234d4efcd7210e70b4d811d411a622174623e6ad?s=96&d=mm&r=g","contentUrl":"https:\/\/secure.gravatar.com\/avatar\/a35297e215fa01f4ebfcc931234d4efcd7210e70b4d811d411a622174623e6ad?s=96&d=mm&r=g","caption":"Retina Argentina"},"sameAs":["http:\/\/www.stargardt.com.ar"],"url":"https:\/\/www.stargardt.com.ar\/?author=3"}]}},"_links":{"self":[{"href":"https:\/\/www.stargardt.com.ar\/index.php?rest_route=\/wp\/v2\/posts\/6480","targetHints":{"allow":["GET"]}}],"collection":[{"href":"https:\/\/www.stargardt.com.ar\/index.php?rest_route=\/wp\/v2\/posts"}],"about":[{"href":"https:\/\/www.stargardt.com.ar\/index.php?rest_route=\/wp\/v2\/types\/post"}],"author":[{"embeddable":true,"href":"https:\/\/www.stargardt.com.ar\/index.php?rest_route=\/wp\/v2\/users\/3"}],"replies":[{"embeddable":true,"href":"https:\/\/www.stargardt.com.ar\/index.php?rest_route=%2Fwp%2Fv2%2Fcomments&post=6480"}],"version-history":[{"count":1,"href":"https:\/\/www.stargardt.com.ar\/index.php?rest_route=\/wp\/v2\/posts\/6480\/revisions"}],"predecessor-version":[{"id":6482,"href":"https:\/\/www.stargardt.com.ar\/index.php?rest_route=\/wp\/v2\/posts\/6480\/revisions\/6482"}],"wp:featuredmedia":[{"embeddable":true,"href":"https:\/\/www.stargardt.com.ar\/index.php?rest_route=\/wp\/v2\/media\/6486"}],"wp:attachment":[{"href":"https:\/\/www.stargardt.com.ar\/index.php?rest_route=%2Fwp%2Fv2%2Fmedia&parent=6480"}],"wp:term":[{"taxonomy":"category","embeddable":true,"href":"https:\/\/www.stargardt.com.ar\/index.php?rest_route=%2Fwp%2Fv2%2Fcategories&post=6480"},{"taxonomy":"post_tag","embeddable":true,"href":"https:\/\/www.stargardt.com.ar\/index.php?rest_route=%2Fwp%2Fv2%2Ftags&post=6480"}],"curies":[{"name":"wp","href":"https:\/\/api.w.org\/{rel}","templated":true}]}}