{"id":6476,"date":"2024-08-24T19:40:27","date_gmt":"2024-08-24T22:40:27","guid":{"rendered":"https:\/\/www.stargardt.com.ar\/?p=6476"},"modified":"2024-09-27T19:41:59","modified_gmt":"2024-09-27T22:41:59","slug":"retina-argentina-en-la-firma-de-un-importante-acuerdo-para-facilitar-el-acceso-al-diagnostico-genetico-a-nivel-nacional","status":"publish","type":"post","link":"https:\/\/www.stargardt.com.ar\/?p=6476","title":{"rendered":"Retina Argentina en la firma de un importante acuerdo para facilitar el acceso al diagn\u00f3stico gen\u00e9tico a nivel nacional"},"content":{"rendered":"\n<p>Se firm\u00f3 en la sede de la Secretar\u00eda de Ciencia y Tecnolog\u00eda de la Naci\u00f3n el convenio entre la Fundaci\u00f3n Actyon y el CONICET, que coordina con el acuerdo de cooperaci\u00f3n entre la Fundaci\u00f3n Actyon y Retina Argentina.<\/p>\n\n\n\n<p>El presidente del Consejo Nacional de Investigaciones Cient\u00edficas y T\u00e9cnicas (CONICET) Daniel Salamone y la titular de la Fundaci\u00f3n Actyon, Fabiana Arzuaga, firmaron un convenio de colaboraci\u00f3n conjunta para el desarrollo de actividades cient\u00edficas, tecnol\u00f3gicas y t\u00e9cnicas, que tiene como objetivo crear un programa para brindar acceso a estudios de secuenciaci\u00f3n gen\u00f3mica para el diagn\u00f3stico de enfermedades poco frecuentes y otras patolog\u00edas.<\/p>\n\n\n\n<p>Estuvieron presentes en la firma:<\/p>\n\n\n\n<ul class=\"wp-block-list\">\n<li>Dr. Daniel Salamone, presidente CONICET.<\/li>\n\n\n\n<li>Dra. Fabiana Arzuaga, presidenta Fundaci\u00f3n Actyon.<\/li>\n\n\n\n<li>Marcela Ciccioli, presidenta de Retina Argentina Stargardt APNES.<\/li>\n\n\n\n<li>Ezequiel Fern\u00e1ndez, bioinform\u00e1tico.<\/li>\n\n\n\n<li>Dr. Hern\u00e1n Dopazo; investigador del CONICET.<\/li>\n\n\n\n<li><\/li>\n<\/ul>\n\n\n\n<p>&nbsp;Link de la publicaci\u00f3n del CONICET \ud83d\udc47<\/p>\n\n\n\n<p><a href=\"https:\/\/www.conicet.gov.ar\/convenio-entre-el-conicet-y-la-fundacion-actyon\">https:\/\/www.conicet.gov.ar\/convenio-entre-el-conicet-y-la-fundacion-actyon<\/a><\/p>\n\n\n\n<p><a href=\"https:\/\/www.instagram.com\/p\/C_DTI6IxmKF\/?igsh=cncyeTYzbW8xODVy\">https:\/\/www.instagram.com\/p\/C_DTI6IxmKF\/?igsh=cncyeTYzbW8xODVy<\/a><\/p>\n","protected":false},"excerpt":{"rendered":"<p>Se firm\u00f3 en la sede de la Secretar\u00eda de Ciencia y Tecnolog\u00eda de la Naci\u00f3n el convenio entre la Fundaci\u00f3n Actyon y el CONICET, que coordina con el acuerdo de cooperaci\u00f3n entre la Fundaci\u00f3n Actyon y Retina Argentina. El presidente&#8230;<\/p>\n","protected":false},"author":3,"featured_media":6477,"comment_status":"closed","ping_status":"open","sticky":false,"template":"","format":"standard","meta":{"_joinchat":[],"footnotes":""},"categories":[16,13,10],"tags":[],"class_list":["post-6476","post","type-post","status-publish","format-standard","has-post-thumbnail","hentry","category-articles","category-avances","category-novedades"],"yoast_head":"<!-- This site is optimized with the Yoast SEO plugin v26.5 - https:\/\/yoast.com\/wordpress\/plugins\/seo\/ -->\n<title>Retina Argentina en la firma de un importante acuerdo para facilitar el acceso al diagn\u00f3stico gen\u00e9tico a nivel nacional | RETINA ARGENTINA<\/title>\n<meta name=\"robots\" content=\"index, follow, max-snippet:-1, max-image-preview:large, max-video-preview:-1\" \/>\n<link rel=\"canonical\" href=\"http:\/\/www.stargardt.com.ar\/?p=6476\" \/>\n<meta property=\"og:locale\" content=\"es_ES\" \/>\n<meta property=\"og:type\" content=\"article\" \/>\n<meta property=\"og:title\" content=\"Retina Argentina en la firma de un importante acuerdo para facilitar el acceso al diagn\u00f3stico gen\u00e9tico a nivel nacional | RETINA ARGENTINA\" \/>\n<meta property=\"og:description\" content=\"Se firm\u00f3 en la sede de la Secretar\u00eda de Ciencia y Tecnolog\u00eda de la Naci\u00f3n el convenio entre la Fundaci\u00f3n Actyon y el CONICET, que coordina con el acuerdo de cooperaci\u00f3n entre la Fundaci\u00f3n Actyon y Retina Argentina. El presidente...\" \/>\n<meta property=\"og:url\" content=\"http:\/\/www.stargardt.com.ar\/?p=6476\" \/>\n<meta property=\"og:site_name\" content=\"RETINA ARGENTINA\" \/>\n<meta property=\"article:publisher\" content=\"https:\/\/www.facebook.com\/stargardt.apnes\" \/>\n<meta property=\"article:published_time\" content=\"2024-08-24T22:40:27+00:00\" \/>\n<meta property=\"article:modified_time\" content=\"2024-09-27T22:41:59+00:00\" \/>\n<meta property=\"og:image\" content=\"http:\/\/www.stargardt.com.ar\/wp-content\/uploads\/2024\/09\/COnvenio-Avtyon.jpg\" \/>\n\t<meta property=\"og:image:width\" content=\"720\" \/>\n\t<meta property=\"og:image:height\" content=\"400\" \/>\n\t<meta property=\"og:image:type\" content=\"image\/jpeg\" \/>\n<meta name=\"author\" content=\"Retina Argentina\" \/>\n<meta name=\"twitter:card\" content=\"summary_large_image\" \/>\n<meta name=\"twitter:label1\" content=\"Escrito por\" \/>\n\t<meta name=\"twitter:data1\" content=\"Retina Argentina\" \/>\n\t<meta name=\"twitter:label2\" content=\"Tiempo de lectura\" \/>\n\t<meta name=\"twitter:data2\" content=\"1 minuto\" \/>\n<script type=\"application\/ld+json\" class=\"yoast-schema-graph\">{\"@context\":\"https:\/\/schema.org\",\"@graph\":[{\"@type\":\"WebPage\",\"@id\":\"http:\/\/www.stargardt.com.ar\/?p=6476\",\"url\":\"http:\/\/www.stargardt.com.ar\/?p=6476\",\"name\":\"Retina Argentina en la firma de un importante acuerdo para facilitar el acceso al diagn\u00f3stico gen\u00e9tico a nivel nacional | RETINA ARGENTINA\",\"isPartOf\":{\"@id\":\"https:\/\/www.stargardt.com.ar\/#website\"},\"primaryImageOfPage\":{\"@id\":\"http:\/\/www.stargardt.com.ar\/?p=6476#primaryimage\"},\"image\":{\"@id\":\"http:\/\/www.stargardt.com.ar\/?p=6476#primaryimage\"},\"thumbnailUrl\":\"https:\/\/www.stargardt.com.ar\/wp-content\/uploads\/2024\/09\/COnvenio-Avtyon.jpg\",\"datePublished\":\"2024-08-24T22:40:27+00:00\",\"dateModified\":\"2024-09-27T22:41:59+00:00\",\"author\":{\"@id\":\"https:\/\/www.stargardt.com.ar\/#\/schema\/person\/ef9e16a5737845379e18caa038664762\"},\"breadcrumb\":{\"@id\":\"http:\/\/www.stargardt.com.ar\/?p=6476#breadcrumb\"},\"inLanguage\":\"es-AR\",\"potentialAction\":[{\"@type\":\"ReadAction\",\"target\":[\"http:\/\/www.stargardt.com.ar\/?p=6476\"]}]},{\"@type\":\"ImageObject\",\"inLanguage\":\"es-AR\",\"@id\":\"http:\/\/www.stargardt.com.ar\/?p=6476#primaryimage\",\"url\":\"https:\/\/www.stargardt.com.ar\/wp-content\/uploads\/2024\/09\/COnvenio-Avtyon.jpg\",\"contentUrl\":\"https:\/\/www.stargardt.com.ar\/wp-content\/uploads\/2024\/09\/COnvenio-Avtyon.jpg\",\"width\":720,\"height\":400},{\"@type\":\"BreadcrumbList\",\"@id\":\"http:\/\/www.stargardt.com.ar\/?p=6476#breadcrumb\",\"itemListElement\":[{\"@type\":\"ListItem\",\"position\":1,\"name\":\"Home\",\"item\":\"https:\/\/www.stargardt.com.ar\/\"},{\"@type\":\"ListItem\",\"position\":2,\"name\":\"Retina Argentina en la firma de un importante acuerdo para facilitar el acceso al diagn\u00f3stico gen\u00e9tico a nivel nacional\"}]},{\"@type\":\"WebSite\",\"@id\":\"https:\/\/www.stargardt.com.ar\/#website\",\"url\":\"https:\/\/www.stargardt.com.ar\/\",\"name\":\"Stargardt Apnes | Argentina\",\"description\":\"Asociaci\u00f3n de pacientes y padres de ni\u00f1os con enfermedad de Stargardt de Argentina\",\"alternateName\":\"Stargardt Apnes\",\"potentialAction\":[{\"@type\":\"SearchAction\",\"target\":{\"@type\":\"EntryPoint\",\"urlTemplate\":\"https:\/\/www.stargardt.com.ar\/?s={search_term_string}\"},\"query-input\":{\"@type\":\"PropertyValueSpecification\",\"valueRequired\":true,\"valueName\":\"search_term_string\"}}],\"inLanguage\":\"es-AR\"},{\"@type\":\"Person\",\"@id\":\"https:\/\/www.stargardt.com.ar\/#\/schema\/person\/ef9e16a5737845379e18caa038664762\",\"name\":\"Retina Argentina\",\"image\":{\"@type\":\"ImageObject\",\"inLanguage\":\"es-AR\",\"@id\":\"https:\/\/www.stargardt.com.ar\/#\/schema\/person\/image\/\",\"url\":\"https:\/\/secure.gravatar.com\/avatar\/a35297e215fa01f4ebfcc931234d4efcd7210e70b4d811d411a622174623e6ad?s=96&d=mm&r=g\",\"contentUrl\":\"https:\/\/secure.gravatar.com\/avatar\/a35297e215fa01f4ebfcc931234d4efcd7210e70b4d811d411a622174623e6ad?s=96&d=mm&r=g\",\"caption\":\"Retina Argentina\"},\"sameAs\":[\"http:\/\/www.stargardt.com.ar\"],\"url\":\"https:\/\/www.stargardt.com.ar\/?author=3\"}]}<\/script>\n<!-- \/ Yoast SEO plugin. -->","yoast_head_json":{"title":"Retina Argentina en la firma de un importante acuerdo para facilitar el acceso al diagn\u00f3stico gen\u00e9tico a nivel nacional | RETINA ARGENTINA","robots":{"index":"index","follow":"follow","max-snippet":"max-snippet:-1","max-image-preview":"max-image-preview:large","max-video-preview":"max-video-preview:-1"},"canonical":"http:\/\/www.stargardt.com.ar\/?p=6476","og_locale":"es_ES","og_type":"article","og_title":"Retina Argentina en la firma de un importante acuerdo para facilitar el acceso al diagn\u00f3stico gen\u00e9tico a nivel nacional | RETINA ARGENTINA","og_description":"Se firm\u00f3 en la sede de la Secretar\u00eda de Ciencia y Tecnolog\u00eda de la Naci\u00f3n el convenio entre la Fundaci\u00f3n Actyon y el CONICET, que coordina con el acuerdo de cooperaci\u00f3n entre la Fundaci\u00f3n Actyon y Retina Argentina. El presidente...","og_url":"http:\/\/www.stargardt.com.ar\/?p=6476","og_site_name":"RETINA ARGENTINA","article_publisher":"https:\/\/www.facebook.com\/stargardt.apnes","article_published_time":"2024-08-24T22:40:27+00:00","article_modified_time":"2024-09-27T22:41:59+00:00","og_image":[{"width":720,"height":400,"url":"http:\/\/www.stargardt.com.ar\/wp-content\/uploads\/2024\/09\/COnvenio-Avtyon.jpg","type":"image\/jpeg"}],"author":"Retina Argentina","twitter_card":"summary_large_image","twitter_misc":{"Escrito por":"Retina Argentina","Tiempo de lectura":"1 minuto"},"schema":{"@context":"https:\/\/schema.org","@graph":[{"@type":"WebPage","@id":"http:\/\/www.stargardt.com.ar\/?p=6476","url":"http:\/\/www.stargardt.com.ar\/?p=6476","name":"Retina Argentina en la firma de un importante acuerdo para facilitar el acceso al diagn\u00f3stico gen\u00e9tico a nivel nacional | RETINA ARGENTINA","isPartOf":{"@id":"https:\/\/www.stargardt.com.ar\/#website"},"primaryImageOfPage":{"@id":"http:\/\/www.stargardt.com.ar\/?p=6476#primaryimage"},"image":{"@id":"http:\/\/www.stargardt.com.ar\/?p=6476#primaryimage"},"thumbnailUrl":"https:\/\/www.stargardt.com.ar\/wp-content\/uploads\/2024\/09\/COnvenio-Avtyon.jpg","datePublished":"2024-08-24T22:40:27+00:00","dateModified":"2024-09-27T22:41:59+00:00","author":{"@id":"https:\/\/www.stargardt.com.ar\/#\/schema\/person\/ef9e16a5737845379e18caa038664762"},"breadcrumb":{"@id":"http:\/\/www.stargardt.com.ar\/?p=6476#breadcrumb"},"inLanguage":"es-AR","potentialAction":[{"@type":"ReadAction","target":["http:\/\/www.stargardt.com.ar\/?p=6476"]}]},{"@type":"ImageObject","inLanguage":"es-AR","@id":"http:\/\/www.stargardt.com.ar\/?p=6476#primaryimage","url":"https:\/\/www.stargardt.com.ar\/wp-content\/uploads\/2024\/09\/COnvenio-Avtyon.jpg","contentUrl":"https:\/\/www.stargardt.com.ar\/wp-content\/uploads\/2024\/09\/COnvenio-Avtyon.jpg","width":720,"height":400},{"@type":"BreadcrumbList","@id":"http:\/\/www.stargardt.com.ar\/?p=6476#breadcrumb","itemListElement":[{"@type":"ListItem","position":1,"name":"Home","item":"https:\/\/www.stargardt.com.ar\/"},{"@type":"ListItem","position":2,"name":"Retina Argentina en la firma de un importante acuerdo para facilitar el acceso al diagn\u00f3stico gen\u00e9tico a nivel nacional"}]},{"@type":"WebSite","@id":"https:\/\/www.stargardt.com.ar\/#website","url":"https:\/\/www.stargardt.com.ar\/","name":"Stargardt Apnes | Argentina","description":"Asociaci\u00f3n de pacientes y padres de ni\u00f1os con enfermedad de Stargardt de Argentina","alternateName":"Stargardt Apnes","potentialAction":[{"@type":"SearchAction","target":{"@type":"EntryPoint","urlTemplate":"https:\/\/www.stargardt.com.ar\/?s={search_term_string}"},"query-input":{"@type":"PropertyValueSpecification","valueRequired":true,"valueName":"search_term_string"}}],"inLanguage":"es-AR"},{"@type":"Person","@id":"https:\/\/www.stargardt.com.ar\/#\/schema\/person\/ef9e16a5737845379e18caa038664762","name":"Retina Argentina","image":{"@type":"ImageObject","inLanguage":"es-AR","@id":"https:\/\/www.stargardt.com.ar\/#\/schema\/person\/image\/","url":"https:\/\/secure.gravatar.com\/avatar\/a35297e215fa01f4ebfcc931234d4efcd7210e70b4d811d411a622174623e6ad?s=96&d=mm&r=g","contentUrl":"https:\/\/secure.gravatar.com\/avatar\/a35297e215fa01f4ebfcc931234d4efcd7210e70b4d811d411a622174623e6ad?s=96&d=mm&r=g","caption":"Retina Argentina"},"sameAs":["http:\/\/www.stargardt.com.ar"],"url":"https:\/\/www.stargardt.com.ar\/?author=3"}]}},"_links":{"self":[{"href":"https:\/\/www.stargardt.com.ar\/index.php?rest_route=\/wp\/v2\/posts\/6476","targetHints":{"allow":["GET"]}}],"collection":[{"href":"https:\/\/www.stargardt.com.ar\/index.php?rest_route=\/wp\/v2\/posts"}],"about":[{"href":"https:\/\/www.stargardt.com.ar\/index.php?rest_route=\/wp\/v2\/types\/post"}],"author":[{"embeddable":true,"href":"https:\/\/www.stargardt.com.ar\/index.php?rest_route=\/wp\/v2\/users\/3"}],"replies":[{"embeddable":true,"href":"https:\/\/www.stargardt.com.ar\/index.php?rest_route=%2Fwp%2Fv2%2Fcomments&post=6476"}],"version-history":[{"count":1,"href":"https:\/\/www.stargardt.com.ar\/index.php?rest_route=\/wp\/v2\/posts\/6476\/revisions"}],"predecessor-version":[{"id":6478,"href":"https:\/\/www.stargardt.com.ar\/index.php?rest_route=\/wp\/v2\/posts\/6476\/revisions\/6478"}],"wp:featuredmedia":[{"embeddable":true,"href":"https:\/\/www.stargardt.com.ar\/index.php?rest_route=\/wp\/v2\/media\/6477"}],"wp:attachment":[{"href":"https:\/\/www.stargardt.com.ar\/index.php?rest_route=%2Fwp%2Fv2%2Fmedia&parent=6476"}],"wp:term":[{"taxonomy":"category","embeddable":true,"href":"https:\/\/www.stargardt.com.ar\/index.php?rest_route=%2Fwp%2Fv2%2Fcategories&post=6476"},{"taxonomy":"post_tag","embeddable":true,"href":"https:\/\/www.stargardt.com.ar\/index.php?rest_route=%2Fwp%2Fv2%2Ftags&post=6476"}],"curies":[{"name":"wp","href":"https:\/\/api.w.org\/{rel}","templated":true}]}}